{"id":674,"date":"2022-10-29T14:13:04","date_gmt":"2022-10-29T12:13:04","guid":{"rendered":"https:\/\/felicjanki.edu.pl\/?p=674"},"modified":"2022-10-29T14:13:05","modified_gmt":"2022-10-29T12:13:05","slug":"warsztaty-w-warszawskiej-operze-kameralnej","status":"publish","type":"post","link":"https:\/\/felicjanki.edu.pl\/?p=674","title":{"rendered":"Warsztaty w Warszawskiej Operze Kameralnej"},"content":{"rendered":"\n<p>Nasza szko\u0142a przyst\u0105pi\u0142a do programu &#8222;Kulturalna szko\u0142a na Mazowszu&#8221; korzystaj\u0105c z oferty Warszawskiej Opery Kameralnej. <\/p>\n\n\n\n<p>W ich ramach uczniowie klas 4 wzi\u0119li udzia\u0142 w zaj\u0119ciach &#8222;Kompozytorem by\u0107&#8221;, poprowadzonych przez pana Jana Stok\u0142os\u0119 &#8211; kompozytora, aran\u017cera, dyrygenta, multiinstrumentalist\u0119 poruszaj\u0105cego si\u0119 w wielu gatunkach muzycznych. By\u0142o super!<\/p>\n\n\n\n<figure class=\"wp-block-image size-large\"><img loading=\"lazy\" decoding=\"async\" width=\"1024\" height=\"576\" src=\"https:\/\/felicjanki.edu.pl\/wp-content\/uploads\/2022\/10\/thumbnail_WOK-KULTURALNA-SZKOLA1-1024x576.png\" alt=\"\" class=\"wp-image-675\" srcset=\"https:\/\/felicjanki.edu.pl\/wp-content\/uploads\/2022\/10\/thumbnail_WOK-KULTURALNA-SZKOLA1-1024x576.png 1024w, https:\/\/felicjanki.edu.pl\/wp-content\/uploads\/2022\/10\/thumbnail_WOK-KULTURALNA-SZKOLA1-300x169.png 300w, https:\/\/felicjanki.edu.pl\/wp-content\/uploads\/2022\/10\/thumbnail_WOK-KULTURALNA-SZKOLA1-768x432.png 768w, https:\/\/felicjanki.edu.pl\/wp-content\/uploads\/2022\/10\/thumbnail_WOK-KULTURALNA-SZKOLA1-800x450.png 800w, https:\/\/felicjanki.edu.pl\/wp-content\/uploads\/2022\/10\/thumbnail_WOK-KULTURALNA-SZKOLA1.png 1280w\" sizes=\"auto, (max-width: 1024px) 100vw, 1024px\" \/><\/figure>\n","protected":false},"excerpt":{"rendered":"<p>Nasza szko\u0142a przyst\u0105pi\u0142a do programu &#8222;Kulturalna szko\u0142a na Mazowszu&#8221; korzystaj\u0105c z oferty Warszawskiej Opery Kameralnej. W ich ramach uczniowie klas 4 wzi\u0119li udzia\u0142 w zaj\u0119ciach &#8222;Kompozytorem by\u0107&#8221;, poprowadzonych przez pana Jana Stok\u0142os\u0119 &#8211; kompozytora, aran\u017cera, dyrygenta, multiinstrumentalist\u0119 poruszaj\u0105cego si\u0119 w wielu gatunkach muzycznych. By\u0142o super!<\/p>\n","protected":false},"author":1,"featured_media":0,"comment_status":"open","ping_status":"open","sticky":false,"template":"","format":"standard","meta":{"footnotes":""},"categories":[1],"tags":[],"class_list":["post-674","post","type-post","status-publish","format-standard","hentry","category-uncategorized","entry"],"_links":{"self":[{"href":"https:\/\/felicjanki.edu.pl\/index.php?rest_route=\/wp\/v2\/posts\/674","targetHints":{"allow":["GET"]}}],"collection":[{"href":"https:\/\/felicjanki.edu.pl\/index.php?rest_route=\/wp\/v2\/posts"}],"about":[{"href":"https:\/\/felicjanki.edu.pl\/index.php?rest_route=\/wp\/v2\/types\/post"}],"author":[{"embeddable":true,"href":"https:\/\/felicjanki.edu.pl\/index.php?rest_route=\/wp\/v2\/users\/1"}],"replies":[{"embeddable":true,"href":"https:\/\/felicjanki.edu.pl\/index.php?rest_route=%2Fwp%2Fv2%2Fcomments&post=674"}],"version-history":[{"count":1,"href":"https:\/\/felicjanki.edu.pl\/index.php?rest_route=\/wp\/v2\/posts\/674\/revisions"}],"predecessor-version":[{"id":676,"href":"https:\/\/felicjanki.edu.pl\/index.php?rest_route=\/wp\/v2\/posts\/674\/revisions\/676"}],"wp:attachment":[{"href":"https:\/\/felicjanki.edu.pl\/index.php?rest_route=%2Fwp%2Fv2%2Fmedia&parent=674"}],"wp:term":[{"taxonomy":"category","embeddable":true,"href":"https:\/\/felicjanki.edu.pl\/index.php?rest_route=%2Fwp%2Fv2%2Fcategories&post=674"},{"taxonomy":"post_tag","embeddable":true,"href":"https:\/\/felicjanki.edu.pl\/index.php?rest_route=%2Fwp%2Fv2%2Ftags&post=674"}],"curies":[{"name":"wp","href":"https:\/\/api.w.org\/{rel}","templated":true}]}}