{"id":616,"date":"2022-10-07T15:54:29","date_gmt":"2022-10-07T13:54:29","guid":{"rendered":"https:\/\/felicjanki.edu.pl\/?p=616"},"modified":"2022-10-07T15:54:29","modified_gmt":"2022-10-07T13:54:29","slug":"14-pazdziernika-dniem-wolnym-dla-kl-iv-viii","status":"publish","type":"post","link":"https:\/\/felicjanki.edu.pl\/?p=616","title":{"rendered":"14 pa\u017adziernika dniem wolnym dla kl. IV-VIII"},"content":{"rendered":"\n<p class=\"has-black-color has-text-color\">Pi\u0105tek <strong>14 pa\u017adziernika j<\/strong>est <strong>dniem wolnym od zaj\u0119\u0107 lekcyjnych dla uczni\u00f3w klas IV-VIII<\/strong> z racji \u015awi\u0119ta Edukacji Narodowej.<\/p>\n\n\n\n<p class=\"has-black-color has-text-color\">Je\u017celi rodzice ucznia klasy czwartej chc\u0105 w tym dniu skorzysta\u0107 z opieki nad dzieckiem organizowanej w szkole, prosz\u0119 zg\u0142osi\u0107 swoj\u0105 decyzj\u0119 wychowawcy klasy do wtorek (11 X).<\/p>\n\n\n\n<p class=\"has-text-align-left has-black-color has-text-color\"><strong>Uczniowie klas I-III prze<\/strong>\u017cywaj\u0105 swoje zaj\u0119cia zgodnie ze sta\u0142ym planem.<\/p>\n","protected":false},"excerpt":{"rendered":"<p>Pi\u0105tek 14 pa\u017adziernika jest dniem wolnym od zaj\u0119\u0107 lekcyjnych dla uczni\u00f3w klas IV-VIII z racji \u015awi\u0119ta Edukacji Narodowej. Je\u017celi rodzice ucznia klasy czwartej chc\u0105 w tym dniu skorzysta\u0107 z opieki nad dzieckiem organizowanej w szkole, prosz\u0119 zg\u0142osi\u0107 swoj\u0105 decyzj\u0119 wychowawcy klasy do wtorek (11 X). Uczniowie klas I-III prze\u017cywaj\u0105 swoje zaj\u0119cia zgodnie ze sta\u0142ym planem.<\/p>\n","protected":false},"author":1,"featured_media":0,"comment_status":"open","ping_status":"open","sticky":false,"template":"","format":"standard","meta":{"footnotes":""},"categories":[1],"tags":[],"class_list":["post-616","post","type-post","status-publish","format-standard","hentry","category-uncategorized","entry"],"_links":{"self":[{"href":"https:\/\/felicjanki.edu.pl\/index.php?rest_route=\/wp\/v2\/posts\/616","targetHints":{"allow":["GET"]}}],"collection":[{"href":"https:\/\/felicjanki.edu.pl\/index.php?rest_route=\/wp\/v2\/posts"}],"about":[{"href":"https:\/\/felicjanki.edu.pl\/index.php?rest_route=\/wp\/v2\/types\/post"}],"author":[{"embeddable":true,"href":"https:\/\/felicjanki.edu.pl\/index.php?rest_route=\/wp\/v2\/users\/1"}],"replies":[{"embeddable":true,"href":"https:\/\/felicjanki.edu.pl\/index.php?rest_route=%2Fwp%2Fv2%2Fcomments&post=616"}],"version-history":[{"count":1,"href":"https:\/\/felicjanki.edu.pl\/index.php?rest_route=\/wp\/v2\/posts\/616\/revisions"}],"predecessor-version":[{"id":617,"href":"https:\/\/felicjanki.edu.pl\/index.php?rest_route=\/wp\/v2\/posts\/616\/revisions\/617"}],"wp:attachment":[{"href":"https:\/\/felicjanki.edu.pl\/index.php?rest_route=%2Fwp%2Fv2%2Fmedia&parent=616"}],"wp:term":[{"taxonomy":"category","embeddable":true,"href":"https:\/\/felicjanki.edu.pl\/index.php?rest_route=%2Fwp%2Fv2%2Fcategories&post=616"},{"taxonomy":"post_tag","embeddable":true,"href":"https:\/\/felicjanki.edu.pl\/index.php?rest_route=%2Fwp%2Fv2%2Ftags&post=616"}],"curies":[{"name":"wp","href":"https:\/\/api.w.org\/{rel}","templated":true}]}}