{"id":614,"date":"2022-10-07T15:52:36","date_gmt":"2022-10-07T13:52:36","guid":{"rendered":"https:\/\/felicjanki.edu.pl\/?p=614"},"modified":"2022-10-07T15:52:36","modified_gmt":"2022-10-07T13:52:36","slug":"dni-otwarte-w-pazdzierniku","status":"publish","type":"post","link":"https:\/\/felicjanki.edu.pl\/?p=614","title":{"rendered":"Dni otwarte w pa\u017adzierniku"},"content":{"rendered":"\n<p class=\"has-text-align-center has-pale-cyan-blue-background-color has-background\"><strong>Spotkania z rodzicami w pa\u017adzierniku planujemy wed\u0142ug porz\u0105dku:<\/strong><\/p>\n\n\n\n<p class=\"has-text-align-center has-pale-pink-background-color has-background\">&#8211; <strong>kl. I i II:<\/strong> 11 pa\u017adziernika (wtorek),<\/p>\n\n\n\n<p class=\"has-text-align-center has-light-green-cyan-background-color has-background\">&#8211; <strong>kl. III: <\/strong>13 pa\u017adziernika (czwartek),<\/p>\n\n\n\n<p class=\"has-text-align-center has-luminous-vivid-amber-background-color has-background\">&#8211; <strong>kl. V-VI:<\/strong> 18 pa\u017adziernika (wtorek),<\/p>\n\n\n\n<p class=\"has-text-align-center has-pale-cyan-blue-background-color has-background\">&#8211; <strong>kl. IV oraz VII &#8211; VIII<\/strong>: 20 pa\u017adziernika (czwartek).<\/p>\n\n\n\n<p>Charakter spotkania: je\u017celi wychowawca nie zdecydowa\u0142 inaczej, dla rodzic\u00f3w dzieci wszystkich klas we wskazanym dniu organizujemy dzie\u0144 otwarty.<\/p>\n\n\n\n<p class=\"has-white-background-color has-background\">Rozpocz\u0119cie dy\u017curu: godz. 18.00.<\/p>\n","protected":false},"excerpt":{"rendered":"<p>Spotkania z rodzicami w pa\u017adzierniku planujemy wed\u0142ug porz\u0105dku: &#8211; kl. I i II: 11 pa\u017adziernika (wtorek), &#8211; kl. III: 13 pa\u017adziernika (czwartek), &#8211; kl. V-VI: 18 pa\u017adziernika (wtorek), &#8211; kl. IV oraz VII &#8211; VIII: 20 pa\u017adziernika (czwartek). Charakter spotkania: je\u017celi wychowawca nie zdecydowa\u0142 inaczej, dla rodzic\u00f3w dzieci wszystkich klas we wskazanym dniu organizujemy dzie\u0144 [&hellip;]<\/p>\n","protected":false},"author":1,"featured_media":0,"comment_status":"open","ping_status":"open","sticky":false,"template":"","format":"standard","meta":{"footnotes":""},"categories":[1],"tags":[],"class_list":["post-614","post","type-post","status-publish","format-standard","hentry","category-uncategorized","entry"],"_links":{"self":[{"href":"https:\/\/felicjanki.edu.pl\/index.php?rest_route=\/wp\/v2\/posts\/614","targetHints":{"allow":["GET"]}}],"collection":[{"href":"https:\/\/felicjanki.edu.pl\/index.php?rest_route=\/wp\/v2\/posts"}],"about":[{"href":"https:\/\/felicjanki.edu.pl\/index.php?rest_route=\/wp\/v2\/types\/post"}],"author":[{"embeddable":true,"href":"https:\/\/felicjanki.edu.pl\/index.php?rest_route=\/wp\/v2\/users\/1"}],"replies":[{"embeddable":true,"href":"https:\/\/felicjanki.edu.pl\/index.php?rest_route=%2Fwp%2Fv2%2Fcomments&post=614"}],"version-history":[{"count":1,"href":"https:\/\/felicjanki.edu.pl\/index.php?rest_route=\/wp\/v2\/posts\/614\/revisions"}],"predecessor-version":[{"id":615,"href":"https:\/\/felicjanki.edu.pl\/index.php?rest_route=\/wp\/v2\/posts\/614\/revisions\/615"}],"wp:attachment":[{"href":"https:\/\/felicjanki.edu.pl\/index.php?rest_route=%2Fwp%2Fv2%2Fmedia&parent=614"}],"wp:term":[{"taxonomy":"category","embeddable":true,"href":"https:\/\/felicjanki.edu.pl\/index.php?rest_route=%2Fwp%2Fv2%2Fcategories&post=614"},{"taxonomy":"post_tag","embeddable":true,"href":"https:\/\/felicjanki.edu.pl\/index.php?rest_route=%2Fwp%2Fv2%2Ftags&post=614"}],"curies":[{"name":"wp","href":"https:\/\/api.w.org\/{rel}","templated":true}]}}