{"id":1417,"date":"2024-01-19T11:49:30","date_gmt":"2024-01-19T09:49:30","guid":{"rendered":"https:\/\/felicjanki.edu.pl\/?p=1417"},"modified":"2024-01-19T11:49:30","modified_gmt":"2024-01-19T09:49:30","slug":"spotkania-z-rodzicami-w-ii-semestrze","status":"publish","type":"post","link":"https:\/\/felicjanki.edu.pl\/?p=1417","title":{"rendered":"Spotkania z rodzicami w II semestrze:"},"content":{"rendered":"\n<p><\/p>\n\n\n\n<p class=\"has-vivid-cyan-blue-color has-text-color\">\u00b7 luty \u2013 zebrania z wychowawc\u0105<\/p>\n\n\n\n<p>6 II (wtorek): kl. I, II, V, VI,<\/p>\n\n\n\n<p>15 II (czwartek): kl. III, IV, VII, VIII (przed spotkaniem w salach lekcyjnych \u2013 zebranie og\u00f3lne nt. zagro\u017ce\u0144 w sieci);<\/p>\n\n\n\n<p class=\"has-vivid-cyan-blue-color has-text-color\">\u00b7 marzec \u2013 dy\u017cur wychowawcy<\/p>\n\n\n\n<p>12 III (wtorek): kl. I, II, V, VI,<\/p>\n\n\n\n<p>14 III (czwartek): III, IV, VII, VIII;<\/p>\n\n\n\n<p class=\"has-vivid-cyan-blue-color has-text-color\">\u00b7 kwiecie\u0144 \u2013 dy\u017cur nauczyciela<\/p>\n\n\n\n<p>9 IV (wtorek): kl. I, II \u2013<\/p>\n\n\n\n<p>zebranie z wychowawc\u0105,<\/p>\n\n\n\n<p>9 IV (wtorek): V, VI \u2013<\/p>\n\n\n\n<p>dzie\u0144 otwarty,<\/p>\n\n\n\n<p>20 IV (czwartek): III \u2013 zebranie z wychowawc\u0105,<\/p>\n\n\n\n<p>20 IV (czwartek): IV, V, VI \u2013 dzie\u0144 otwarty;<\/p>\n\n\n\n<p class=\"has-vivid-cyan-blue-color has-text-color\">\u00b7 maj \u2013 dy\u017cur wychowawcy<\/p>\n\n\n\n<p class=\"has-vivid-red-color has-text-color\">(podajemy zagro\u017cenia ocen\u0105 niedostateczn\u0105)<\/p>\n\n\n\n<p>7 V (wtorek): kl. I, II, V, VI,<\/p>\n\n\n\n<p>9 V (czwartek): kl. III, IV, VII, VIII;<\/p>\n\n\n\n<p class=\"has-vivid-cyan-blue-color has-text-color\">\u00b7 czerwiec \u2013 r\u00f3\u017cne formy spotka\u0144 wed\u0142ug ustale\u0144 wychowawc\u00f3w w celu podsumowania roku szkolnego.<\/p>\n","protected":false},"excerpt":{"rendered":"<p>\u00b7 luty \u2013 zebrania z wychowawc\u0105 6 II (wtorek): kl. I, II, V, VI, 15 II (czwartek): kl. III, IV, VII, VIII (przed spotkaniem w salach lekcyjnych \u2013 zebranie og\u00f3lne nt. zagro\u017ce\u0144 w sieci); \u00b7 marzec \u2013 dy\u017cur wychowawcy 12 III (wtorek): kl. I, II, V, VI, 14 III (czwartek): III, IV, VII, VIII; \u00b7 [&hellip;]<\/p>\n","protected":false},"author":1,"featured_media":0,"comment_status":"open","ping_status":"open","sticky":false,"template":"","format":"standard","meta":{"footnotes":""},"categories":[1],"tags":[],"class_list":["post-1417","post","type-post","status-publish","format-standard","hentry","category-uncategorized","entry"],"_links":{"self":[{"href":"https:\/\/felicjanki.edu.pl\/index.php?rest_route=\/wp\/v2\/posts\/1417","targetHints":{"allow":["GET"]}}],"collection":[{"href":"https:\/\/felicjanki.edu.pl\/index.php?rest_route=\/wp\/v2\/posts"}],"about":[{"href":"https:\/\/felicjanki.edu.pl\/index.php?rest_route=\/wp\/v2\/types\/post"}],"author":[{"embeddable":true,"href":"https:\/\/felicjanki.edu.pl\/index.php?rest_route=\/wp\/v2\/users\/1"}],"replies":[{"embeddable":true,"href":"https:\/\/felicjanki.edu.pl\/index.php?rest_route=%2Fwp%2Fv2%2Fcomments&post=1417"}],"version-history":[{"count":1,"href":"https:\/\/felicjanki.edu.pl\/index.php?rest_route=\/wp\/v2\/posts\/1417\/revisions"}],"predecessor-version":[{"id":1418,"href":"https:\/\/felicjanki.edu.pl\/index.php?rest_route=\/wp\/v2\/posts\/1417\/revisions\/1418"}],"wp:attachment":[{"href":"https:\/\/felicjanki.edu.pl\/index.php?rest_route=%2Fwp%2Fv2%2Fmedia&parent=1417"}],"wp:term":[{"taxonomy":"category","embeddable":true,"href":"https:\/\/felicjanki.edu.pl\/index.php?rest_route=%2Fwp%2Fv2%2Fcategories&post=1417"},{"taxonomy":"post_tag","embeddable":true,"href":"https:\/\/felicjanki.edu.pl\/index.php?rest_route=%2Fwp%2Fv2%2Ftags&post=1417"}],"curies":[{"name":"wp","href":"https:\/\/api.w.org\/{rel}","templated":true}]}}